{"id":187,"date":"2021-01-04T07:14:16","date_gmt":"2021-01-04T06:14:16","guid":{"rendered":"http:\/\/e-cssct.eu\/?p=187"},"modified":"2021-01-04T07:20:39","modified_gmt":"2021-01-04T06:20:39","slug":"sante-au-travail-et-prevention-des-risques-professionnels","status":"publish","type":"post","link":"https:\/\/e-cssct.eu\/index.php\/2021\/01\/04\/sante-au-travail-et-prevention-des-risques-professionnels\/","title":{"rendered":"Sant\u00e9 au travail et pr\u00e9vention des risques professionnels."},"content":{"rendered":"\n<figure class=\"wp-block-image size-large is-style-rounded\"><img loading=\"lazy\" decoding=\"async\" width=\"1024\" height=\"681\" src=\"http:\/\/e-cssct.eu\/wp-content\/uploads\/2021\/01\/document-428333_1920-1024x681.jpg\" alt=\"Sant\u00e9 au travail et pr\u00e9vention des risques professionnels.\" class=\"wp-image-188\" srcset=\"https:\/\/e-cssct.eu\/wp-content\/uploads\/2021\/01\/document-428333_1920-1024x681.jpg 1024w, https:\/\/e-cssct.eu\/wp-content\/uploads\/2021\/01\/document-428333_1920-300x199.jpg 300w, https:\/\/e-cssct.eu\/wp-content\/uploads\/2021\/01\/document-428333_1920-768x510.jpg 768w, https:\/\/e-cssct.eu\/wp-content\/uploads\/2021\/01\/document-428333_1920-1536x1021.jpg 1536w, https:\/\/e-cssct.eu\/wp-content\/uploads\/2021\/01\/document-428333_1920.jpg 1920w\" sizes=\"auto, (max-width: 1024px) 100vw, 1024px\" \/><figcaption>Sant\u00e9 au travail et pr\u00e9vention des risques professionnels.<\/figcaption><\/figure>\n\n\n\n<p>Les partenaires sociaux, engag\u00e9s dans la n\u00e9gociation sur la sant\u00e9 au travail manifestent leur volont\u00e9 d&rsquo;am\u00e9liorer ensemble le dispositif de pr\u00e9vention des risques professionnels. Ils consid\u00e8rent que la sant\u00e9 au travail est une priorit\u00e9 pour les employeurs et les salari\u00e9s.<\/p>\n\n\n\n<p>La pr\u00e9vention primaire (actions concr\u00e8tes mises en \u0153uvre dans les entreprises pour lutter contre les risques professionnels) doit\u00a0\u00ab\u00a0s&rsquo;attaquer en amont aux causes profondes des risques (professionnels) avant qu&rsquo;ils ne produisent leurs effets\u00a0\u00bb, \u00eatre\u00a0<strong>\u00ab\u00a0centr\u00e9e sur les r\u00e9alit\u00e9s du travail pour pr\u00e9server la sant\u00e9 et lutter contre la d\u00e9sinsertion professionnelle\u00a0\u00bb<\/strong>. C&rsquo;est un\u00a0\u00ab\u00a0investissement aux effets durables, qui contribue \u00e0 la performance individuelle et collective\u00a0\u00bb, souligne l&rsquo;ANI en pr\u00e9ambule.<br>Le document unique d&rsquo;\u00e9valuation des risques professionnels (DUERP)\u00a0reste l&rsquo;outil essentiel d&rsquo;\u00e9valuation des risques professionnels et de la tra\u00e7abilit\u00e9 des expositions.<\/p>\n\n\n\n<h2 class=\"wp-block-heading\">Que contient le nouvel ANI sur la sant\u00e9 au travail ?<\/h2>\n\n\n\n<h2 class=\"wp-block-heading\" id=\"prevention-des-risques-et-responsabilite-de-lemployeur\">Pr\u00e9vention des risques et responsabilit\u00e9 de l\u2019employeur<\/h2>\n\n\n\n<p>Apr\u00e8s avoir rappeler le principe de la responsabilit\u00e9 de l\u2019employeur en mati\u00e8re de sant\u00e9 au travail, l\u2019ANI liste les risques li\u00e9s \u00e0 l\u2019activit\u00e9 de l\u2019entreprise \u00e0 prendre en compte&nbsp;:<\/p>\n\n\n\n<ul class=\"wp-block-list\"><li>Les risques \u00ab&nbsp;classiques&nbsp;\u00bb physiques, chimiques, biologiques, les troubles musculosquelettiques, etc.<\/li><li>Les risques psychosociaux pour lesquels le texte recommande plusieurs m\u00e9thodes d\u2019\u00e9valuation et de pr\u00e9vention (notamment les m\u00e9thodes Siegrist, Karasek, Gollac, etc.)&nbsp;:<em>&nbsp;\u00ab&nbsp;Bien que les troubles psychosociaux puissent avoir des causes multiples, l\u2019employeur se doit d\u2019\u00e9valuer et de mettre en place les actions de pr\u00e9vention en regard de son champ de responsabilit\u00e9, c\u2019est-\u00e0-dire celui li\u00e9 \u00e0 l\u2019activit\u00e9 professionnelle&nbsp;\u00bb<\/em>, tout en respectant&nbsp;<em>\u00ab&nbsp;strictement la vie priv\u00e9e du salari\u00e9&nbsp;\u00bb<\/em>, pr\u00e9cise le texte.<\/li><li>Les risques \u00e9mergents en particulier li\u00e9s aux nouvelles technologies.<\/li><\/ul>\n\n\n\n<p>Des&nbsp;<em>\u00ab&nbsp;risques ext\u00e9rieurs (risques sanitaires ou environnementaux par exemple) peuvent venir percuter l\u2019activit\u00e9 de l\u2019entreprise&nbsp;\u00bb<\/em>, ils doivent alors \u00eatre&nbsp;<em>\u00ab&nbsp;pris en compte dans les d\u00e9marches en coh\u00e9rence avec les consignes de crise des pouvoirs publics, prenant le relais de la r\u00e9glementation ordinaire.&nbsp;\u00bb<\/em><\/p>\n\n\n\n<p><a href=\"https:\/\/www.instant-ce.com\/Sante-au-travail-Enfin-la-reconnaissance-du-travail-reel_a1703.html\" target=\"_blank\" rel=\"noreferrer noopener\">Pour lire la suite de notre article.<\/a><\/p>\n","protected":false},"excerpt":{"rendered":"<p>Les partenaires sociaux, engag\u00e9s dans la n\u00e9gociation sur la sant\u00e9 au travail manifestent leur volont\u00e9 d&rsquo;am\u00e9liorer ensemble le dispositif de pr\u00e9vention des risques professionnels. Ils consid\u00e8rent que la sant\u00e9 au travail est une priorit\u00e9 pour les employeurs et les salari\u00e9s. La pr\u00e9vention primaire (actions concr\u00e8tes mises en \u0153uvre dans les entreprises pour lutter contre les&#8230;<\/p>\n","protected":false},"author":1,"featured_media":0,"comment_status":"open","ping_status":"open","sticky":false,"template":"","format":"standard","meta":{"footnotes":""},"categories":[17],"tags":[63,64,66,62],"class_list":["post-187","post","type-post","status-publish","format-standard","hentry","category-accueil","tag-cse-formation-sante-au-travail","tag-cssct-formation-sante-au-travail","tag-expertise-rps","tag-sante-au-travail"],"yoast_head":"<!-- This site is optimized with the Yoast SEO plugin v22.8 - https:\/\/yoast.com\/wordpress\/plugins\/seo\/ -->\n<title>Sant\u00e9 au travail et pr\u00e9vention des risques professionnels. - Institut Europ\u00e9en de Sant\u00e9 et S\u00e9curit\u00e9 au Travail<\/title>\n<meta name=\"description\" content=\"Sant\u00e9 au travail et pr\u00e9vention des risques professionnels. Le nouveau r\u00f4le des CSE et CSSCT, pour d\u00e9velopper la QVCT.\" \/>\n<meta name=\"robots\" content=\"index, follow, max-snippet:-1, max-image-preview:large, max-video-preview:-1\" \/>\n<link rel=\"canonical\" href=\"http:\/\/e-cssct.eu\/index.php\/2021\/01\/04\/sante-au-travail-et-prevention-des-risques-professionnels\/\" \/>\n<meta property=\"og:locale\" content=\"fr_FR\" \/>\n<meta property=\"og:type\" content=\"article\" \/>\n<meta property=\"og:title\" content=\"Sant\u00e9 au travail : Enfin la reconnaissance du travail r\u00e9el\" \/>\n<meta property=\"og:description\" content=\"Les partenaires sociaux se sont entendus dans la nuit de mercredi \u00e0 jeudi pour la signature, d&#039;ici au 8 janvier, d&#039;un accord national interprofessionnel (ANI) sur la sant\u00e9 au travail, dont l&#039;AFP a obtenu copie. En voici les principales mesures.\" \/>\n<meta property=\"og:url\" content=\"http:\/\/e-cssct.eu\/index.php\/2021\/01\/04\/sante-au-travail-et-prevention-des-risques-professionnels\/\" \/>\n<meta property=\"og:site_name\" content=\"Institut Europ\u00e9en de Sant\u00e9 et S\u00e9curit\u00e9 au Travail\" \/>\n<meta property=\"article:published_time\" content=\"2021-01-04T06:14:16+00:00\" \/>\n<meta property=\"article:modified_time\" content=\"2021-01-04T06:20:39+00:00\" \/>\n<meta property=\"og:image\" content=\"http:\/\/e-cssct.eu\/wp-content\/uploads\/2021\/01\/document-428333_1920.jpg\" \/>\n\t<meta property=\"og:image:width\" content=\"1920\" \/>\n\t<meta property=\"og:image:height\" content=\"1276\" \/>\n\t<meta property=\"og:image:type\" content=\"image\/jpeg\" \/>\n<meta name=\"author\" content=\"admin9093\" \/>\n<meta name=\"twitter:card\" content=\"summary_large_image\" \/>\n<meta name=\"twitter:label1\" content=\"\u00c9crit par\" \/>\n\t<meta name=\"twitter:data1\" content=\"admin9093\" \/>\n\t<meta name=\"twitter:label2\" content=\"Dur\u00e9e de lecture estim\u00e9e\" \/>\n\t<meta name=\"twitter:data2\" content=\"2 minutes\" \/>\n<script type=\"application\/ld+json\" class=\"yoast-schema-graph\">{\"@context\":\"https:\/\/schema.org\",\"@graph\":[{\"@type\":\"Article\",\"@id\":\"http:\/\/e-cssct.eu\/index.php\/2021\/01\/04\/sante-au-travail-et-prevention-des-risques-professionnels\/#article\",\"isPartOf\":{\"@id\":\"http:\/\/e-cssct.eu\/index.php\/2021\/01\/04\/sante-au-travail-et-prevention-des-risques-professionnels\/\"},\"author\":{\"name\":\"admin9093\",\"@id\":\"https:\/\/e-cssct.eu\/#\/schema\/person\/0914878892001434c68d39b9489b5247\"},\"headline\":\"Sant\u00e9 au travail et pr\u00e9vention des risques professionnels.\",\"datePublished\":\"2021-01-04T06:14:16+00:00\",\"dateModified\":\"2021-01-04T06:20:39+00:00\",\"mainEntityOfPage\":{\"@id\":\"http:\/\/e-cssct.eu\/index.php\/2021\/01\/04\/sante-au-travail-et-prevention-des-risques-professionnels\/\"},\"wordCount\":387,\"commentCount\":0,\"publisher\":{\"@id\":\"https:\/\/e-cssct.eu\/#organization\"},\"image\":{\"@id\":\"http:\/\/e-cssct.eu\/index.php\/2021\/01\/04\/sante-au-travail-et-prevention-des-risques-professionnels\/#primaryimage\"},\"thumbnailUrl\":\"http:\/\/e-cssct.eu\/wp-content\/uploads\/2021\/01\/document-428333_1920-1024x681.jpg\",\"keywords\":[\"cse formation sant\u00e9 au travail\",\"cssct formation sant\u00e9 au travail\",\"expertise rps\",\"sant\u00e9 au travail\"],\"articleSection\":[\"Accueil\"],\"inLanguage\":\"fr-FR\",\"potentialAction\":[{\"@type\":\"CommentAction\",\"name\":\"Comment\",\"target\":[\"http:\/\/e-cssct.eu\/index.php\/2021\/01\/04\/sante-au-travail-et-prevention-des-risques-professionnels\/#respond\"]}]},{\"@type\":\"WebPage\",\"@id\":\"http:\/\/e-cssct.eu\/index.php\/2021\/01\/04\/sante-au-travail-et-prevention-des-risques-professionnels\/\",\"url\":\"http:\/\/e-cssct.eu\/index.php\/2021\/01\/04\/sante-au-travail-et-prevention-des-risques-professionnels\/\",\"name\":\"Sant\u00e9 au travail et pr\u00e9vention des risques professionnels. - Institut Europ\u00e9en de Sant\u00e9 et S\u00e9curit\u00e9 au Travail\",\"isPartOf\":{\"@id\":\"https:\/\/e-cssct.eu\/#website\"},\"primaryImageOfPage\":{\"@id\":\"http:\/\/e-cssct.eu\/index.php\/2021\/01\/04\/sante-au-travail-et-prevention-des-risques-professionnels\/#primaryimage\"},\"image\":{\"@id\":\"http:\/\/e-cssct.eu\/index.php\/2021\/01\/04\/sante-au-travail-et-prevention-des-risques-professionnels\/#primaryimage\"},\"thumbnailUrl\":\"http:\/\/e-cssct.eu\/wp-content\/uploads\/2021\/01\/document-428333_1920-1024x681.jpg\",\"datePublished\":\"2021-01-04T06:14:16+00:00\",\"dateModified\":\"2021-01-04T06:20:39+00:00\",\"description\":\"Sant\u00e9 au travail et pr\u00e9vention des risques professionnels. Le nouveau r\u00f4le des CSE et CSSCT, pour d\u00e9velopper la QVCT.\",\"breadcrumb\":{\"@id\":\"http:\/\/e-cssct.eu\/index.php\/2021\/01\/04\/sante-au-travail-et-prevention-des-risques-professionnels\/#breadcrumb\"},\"inLanguage\":\"fr-FR\",\"potentialAction\":[{\"@type\":\"ReadAction\",\"target\":[\"http:\/\/e-cssct.eu\/index.php\/2021\/01\/04\/sante-au-travail-et-prevention-des-risques-professionnels\/\"]}]},{\"@type\":\"ImageObject\",\"inLanguage\":\"fr-FR\",\"@id\":\"http:\/\/e-cssct.eu\/index.php\/2021\/01\/04\/sante-au-travail-et-prevention-des-risques-professionnels\/#primaryimage\",\"url\":\"https:\/\/e-cssct.eu\/wp-content\/uploads\/2021\/01\/document-428333_1920.jpg\",\"contentUrl\":\"https:\/\/e-cssct.eu\/wp-content\/uploads\/2021\/01\/document-428333_1920.jpg\",\"width\":1920,\"height\":1276,\"caption\":\"Sant\u00e9 au travail : Enfin la reconnaissance du travail r\u00e9el\"},{\"@type\":\"BreadcrumbList\",\"@id\":\"http:\/\/e-cssct.eu\/index.php\/2021\/01\/04\/sante-au-travail-et-prevention-des-risques-professionnels\/#breadcrumb\",\"itemListElement\":[{\"@type\":\"ListItem\",\"position\":1,\"name\":\"Accueil\",\"item\":\"https:\/\/e-cssct.eu\/\"},{\"@type\":\"ListItem\",\"position\":2,\"name\":\"cse formation sant\u00e9 au travail\",\"item\":\"http:\/\/e-cssct.eu\/index.php\/tag\/cse-formation-sante-au-travail\/\"},{\"@type\":\"ListItem\",\"position\":3,\"name\":\"cse, formation sant\u00e9 au travail\"}]},{\"@type\":\"WebSite\",\"@id\":\"https:\/\/e-cssct.eu\/#website\",\"url\":\"https:\/\/e-cssct.eu\/\",\"name\":\"Institut Europ\u00e9en de Sant\u00e9 et S\u00e9curit\u00e9 au Travail\",\"description\":\"Sant\u00e9 et s\u00e9curit\u00e9 au travail : e-cssct.eu vous accompagne\",\"publisher\":{\"@id\":\"https:\/\/e-cssct.eu\/#organization\"},\"potentialAction\":[{\"@type\":\"SearchAction\",\"target\":{\"@type\":\"EntryPoint\",\"urlTemplate\":\"https:\/\/e-cssct.eu\/?s={search_term_string}\"},\"query-input\":\"required name=search_term_string\"}],\"inLanguage\":\"fr-FR\"},{\"@type\":\"Organization\",\"@id\":\"https:\/\/e-cssct.eu\/#organization\",\"name\":\"Groupe Instant\",\"url\":\"https:\/\/e-cssct.eu\/\",\"logo\":{\"@type\":\"ImageObject\",\"inLanguage\":\"fr-FR\",\"@id\":\"https:\/\/e-cssct.eu\/#\/schema\/logo\/image\/\",\"url\":\"https:\/\/e-cssct.eu\/wp-content\/uploads\/2019\/11\/cropped-cropped-400dpiLogo-1-scaled-4.png\",\"contentUrl\":\"https:\/\/e-cssct.eu\/wp-content\/uploads\/2019\/11\/cropped-cropped-400dpiLogo-1-scaled-4.png\",\"width\":2367,\"height\":1171,\"caption\":\"Groupe Instant\"},\"image\":{\"@id\":\"https:\/\/e-cssct.eu\/#\/schema\/logo\/image\/\"}},{\"@type\":\"Person\",\"@id\":\"https:\/\/e-cssct.eu\/#\/schema\/person\/0914878892001434c68d39b9489b5247\",\"name\":\"admin9093\",\"image\":{\"@type\":\"ImageObject\",\"inLanguage\":\"fr-FR\",\"@id\":\"https:\/\/e-cssct.eu\/#\/schema\/person\/image\/\",\"url\":\"https:\/\/secure.gravatar.com\/avatar\/7b092d2885a25ab95e87cf8811853f933830b90df8bb5272959f882b3c7a2726?s=96&d=mm&r=g\",\"contentUrl\":\"https:\/\/secure.gravatar.com\/avatar\/7b092d2885a25ab95e87cf8811853f933830b90df8bb5272959f882b3c7a2726?s=96&d=mm&r=g\",\"caption\":\"admin9093\"},\"sameAs\":[\"https:\/\/e-cssct.eu\/\"],\"url\":\"https:\/\/e-cssct.eu\/index.php\/author\/admin9093\/\"}]}<\/script>\n<!-- \/ Yoast SEO plugin. -->","yoast_head_json":{"title":"Sant\u00e9 au travail et pr\u00e9vention des risques professionnels. - Institut Europ\u00e9en de Sant\u00e9 et S\u00e9curit\u00e9 au Travail","description":"Sant\u00e9 au travail et pr\u00e9vention des risques professionnels. Le nouveau r\u00f4le des CSE et CSSCT, pour d\u00e9velopper la QVCT.","robots":{"index":"index","follow":"follow","max-snippet":"max-snippet:-1","max-image-preview":"max-image-preview:large","max-video-preview":"max-video-preview:-1"},"canonical":"http:\/\/e-cssct.eu\/index.php\/2021\/01\/04\/sante-au-travail-et-prevention-des-risques-professionnels\/","og_locale":"fr_FR","og_type":"article","og_title":"Sant\u00e9 au travail : Enfin la reconnaissance du travail r\u00e9el","og_description":"Les partenaires sociaux se sont entendus dans la nuit de mercredi \u00e0 jeudi pour la signature, d'ici au 8 janvier, d'un accord national interprofessionnel (ANI) sur la sant\u00e9 au travail, dont l'AFP a obtenu copie. En voici les principales mesures.","og_url":"http:\/\/e-cssct.eu\/index.php\/2021\/01\/04\/sante-au-travail-et-prevention-des-risques-professionnels\/","og_site_name":"Institut Europ\u00e9en de Sant\u00e9 et S\u00e9curit\u00e9 au Travail","article_published_time":"2021-01-04T06:14:16+00:00","article_modified_time":"2021-01-04T06:20:39+00:00","og_image":[{"width":1920,"height":1276,"url":"http:\/\/e-cssct.eu\/wp-content\/uploads\/2021\/01\/document-428333_1920.jpg","type":"image\/jpeg"}],"author":"admin9093","twitter_card":"summary_large_image","twitter_misc":{"\u00c9crit par":"admin9093","Dur\u00e9e de lecture estim\u00e9e":"2 minutes"},"schema":{"@context":"https:\/\/schema.org","@graph":[{"@type":"Article","@id":"http:\/\/e-cssct.eu\/index.php\/2021\/01\/04\/sante-au-travail-et-prevention-des-risques-professionnels\/#article","isPartOf":{"@id":"http:\/\/e-cssct.eu\/index.php\/2021\/01\/04\/sante-au-travail-et-prevention-des-risques-professionnels\/"},"author":{"name":"admin9093","@id":"https:\/\/e-cssct.eu\/#\/schema\/person\/0914878892001434c68d39b9489b5247"},"headline":"Sant\u00e9 au travail et pr\u00e9vention des risques professionnels.","datePublished":"2021-01-04T06:14:16+00:00","dateModified":"2021-01-04T06:20:39+00:00","mainEntityOfPage":{"@id":"http:\/\/e-cssct.eu\/index.php\/2021\/01\/04\/sante-au-travail-et-prevention-des-risques-professionnels\/"},"wordCount":387,"commentCount":0,"publisher":{"@id":"https:\/\/e-cssct.eu\/#organization"},"image":{"@id":"http:\/\/e-cssct.eu\/index.php\/2021\/01\/04\/sante-au-travail-et-prevention-des-risques-professionnels\/#primaryimage"},"thumbnailUrl":"http:\/\/e-cssct.eu\/wp-content\/uploads\/2021\/01\/document-428333_1920-1024x681.jpg","keywords":["cse formation sant\u00e9 au travail","cssct formation sant\u00e9 au travail","expertise rps","sant\u00e9 au travail"],"articleSection":["Accueil"],"inLanguage":"fr-FR","potentialAction":[{"@type":"CommentAction","name":"Comment","target":["http:\/\/e-cssct.eu\/index.php\/2021\/01\/04\/sante-au-travail-et-prevention-des-risques-professionnels\/#respond"]}]},{"@type":"WebPage","@id":"http:\/\/e-cssct.eu\/index.php\/2021\/01\/04\/sante-au-travail-et-prevention-des-risques-professionnels\/","url":"http:\/\/e-cssct.eu\/index.php\/2021\/01\/04\/sante-au-travail-et-prevention-des-risques-professionnels\/","name":"Sant\u00e9 au travail et pr\u00e9vention des risques professionnels. - Institut Europ\u00e9en de Sant\u00e9 et S\u00e9curit\u00e9 au Travail","isPartOf":{"@id":"https:\/\/e-cssct.eu\/#website"},"primaryImageOfPage":{"@id":"http:\/\/e-cssct.eu\/index.php\/2021\/01\/04\/sante-au-travail-et-prevention-des-risques-professionnels\/#primaryimage"},"image":{"@id":"http:\/\/e-cssct.eu\/index.php\/2021\/01\/04\/sante-au-travail-et-prevention-des-risques-professionnels\/#primaryimage"},"thumbnailUrl":"http:\/\/e-cssct.eu\/wp-content\/uploads\/2021\/01\/document-428333_1920-1024x681.jpg","datePublished":"2021-01-04T06:14:16+00:00","dateModified":"2021-01-04T06:20:39+00:00","description":"Sant\u00e9 au travail et pr\u00e9vention des risques professionnels. Le nouveau r\u00f4le des CSE et CSSCT, pour d\u00e9velopper la QVCT.","breadcrumb":{"@id":"http:\/\/e-cssct.eu\/index.php\/2021\/01\/04\/sante-au-travail-et-prevention-des-risques-professionnels\/#breadcrumb"},"inLanguage":"fr-FR","potentialAction":[{"@type":"ReadAction","target":["http:\/\/e-cssct.eu\/index.php\/2021\/01\/04\/sante-au-travail-et-prevention-des-risques-professionnels\/"]}]},{"@type":"ImageObject","inLanguage":"fr-FR","@id":"http:\/\/e-cssct.eu\/index.php\/2021\/01\/04\/sante-au-travail-et-prevention-des-risques-professionnels\/#primaryimage","url":"https:\/\/e-cssct.eu\/wp-content\/uploads\/2021\/01\/document-428333_1920.jpg","contentUrl":"https:\/\/e-cssct.eu\/wp-content\/uploads\/2021\/01\/document-428333_1920.jpg","width":1920,"height":1276,"caption":"Sant\u00e9 au travail : Enfin la reconnaissance du travail r\u00e9el"},{"@type":"BreadcrumbList","@id":"http:\/\/e-cssct.eu\/index.php\/2021\/01\/04\/sante-au-travail-et-prevention-des-risques-professionnels\/#breadcrumb","itemListElement":[{"@type":"ListItem","position":1,"name":"Accueil","item":"https:\/\/e-cssct.eu\/"},{"@type":"ListItem","position":2,"name":"cse formation sant\u00e9 au travail","item":"http:\/\/e-cssct.eu\/index.php\/tag\/cse-formation-sante-au-travail\/"},{"@type":"ListItem","position":3,"name":"cse, formation sant\u00e9 au travail"}]},{"@type":"WebSite","@id":"https:\/\/e-cssct.eu\/#website","url":"https:\/\/e-cssct.eu\/","name":"Institut Europ\u00e9en de Sant\u00e9 et S\u00e9curit\u00e9 au Travail","description":"Sant\u00e9 et s\u00e9curit\u00e9 au travail : e-cssct.eu vous accompagne","publisher":{"@id":"https:\/\/e-cssct.eu\/#organization"},"potentialAction":[{"@type":"SearchAction","target":{"@type":"EntryPoint","urlTemplate":"https:\/\/e-cssct.eu\/?s={search_term_string}"},"query-input":"required name=search_term_string"}],"inLanguage":"fr-FR"},{"@type":"Organization","@id":"https:\/\/e-cssct.eu\/#organization","name":"Groupe Instant","url":"https:\/\/e-cssct.eu\/","logo":{"@type":"ImageObject","inLanguage":"fr-FR","@id":"https:\/\/e-cssct.eu\/#\/schema\/logo\/image\/","url":"https:\/\/e-cssct.eu\/wp-content\/uploads\/2019\/11\/cropped-cropped-400dpiLogo-1-scaled-4.png","contentUrl":"https:\/\/e-cssct.eu\/wp-content\/uploads\/2019\/11\/cropped-cropped-400dpiLogo-1-scaled-4.png","width":2367,"height":1171,"caption":"Groupe Instant"},"image":{"@id":"https:\/\/e-cssct.eu\/#\/schema\/logo\/image\/"}},{"@type":"Person","@id":"https:\/\/e-cssct.eu\/#\/schema\/person\/0914878892001434c68d39b9489b5247","name":"admin9093","image":{"@type":"ImageObject","inLanguage":"fr-FR","@id":"https:\/\/e-cssct.eu\/#\/schema\/person\/image\/","url":"https:\/\/secure.gravatar.com\/avatar\/7b092d2885a25ab95e87cf8811853f933830b90df8bb5272959f882b3c7a2726?s=96&d=mm&r=g","contentUrl":"https:\/\/secure.gravatar.com\/avatar\/7b092d2885a25ab95e87cf8811853f933830b90df8bb5272959f882b3c7a2726?s=96&d=mm&r=g","caption":"admin9093"},"sameAs":["https:\/\/e-cssct.eu\/"],"url":"https:\/\/e-cssct.eu\/index.php\/author\/admin9093\/"}]}},"_links":{"self":[{"href":"https:\/\/e-cssct.eu\/index.php\/wp-json\/wp\/v2\/posts\/187","targetHints":{"allow":["GET"]}}],"collection":[{"href":"https:\/\/e-cssct.eu\/index.php\/wp-json\/wp\/v2\/posts"}],"about":[{"href":"https:\/\/e-cssct.eu\/index.php\/wp-json\/wp\/v2\/types\/post"}],"author":[{"embeddable":true,"href":"https:\/\/e-cssct.eu\/index.php\/wp-json\/wp\/v2\/users\/1"}],"replies":[{"embeddable":true,"href":"https:\/\/e-cssct.eu\/index.php\/wp-json\/wp\/v2\/comments?post=187"}],"version-history":[{"count":3,"href":"https:\/\/e-cssct.eu\/index.php\/wp-json\/wp\/v2\/posts\/187\/revisions"}],"predecessor-version":[{"id":193,"href":"https:\/\/e-cssct.eu\/index.php\/wp-json\/wp\/v2\/posts\/187\/revisions\/193"}],"wp:attachment":[{"href":"https:\/\/e-cssct.eu\/index.php\/wp-json\/wp\/v2\/media?parent=187"}],"wp:term":[{"taxonomy":"category","embeddable":true,"href":"https:\/\/e-cssct.eu\/index.php\/wp-json\/wp\/v2\/categories?post=187"},{"taxonomy":"post_tag","embeddable":true,"href":"https:\/\/e-cssct.eu\/index.php\/wp-json\/wp\/v2\/tags?post=187"}],"curies":[{"name":"wp","href":"https:\/\/api.w.org\/{rel}","templated":true}]}}